{"id":1018,"date":"2014-04-14T19:43:16","date_gmt":"2014-04-14T17:43:16","guid":{"rendered":"http:\/\/my-alps.de\/?p=1018"},"modified":"2014-04-14T19:53:33","modified_gmt":"2014-04-14T17:53:33","slug":"vielen-dank-lieber-gustavo","status":"publish","type":"post","link":"http:\/\/my-alps.de\/?p=1018","title":{"rendered":"Vielen Dank lieber Gustavo"},"content":{"rendered":"<p>f\u00fcr deine herzliche Gastfreundschaft,<br \/>\ndie Zeit die wir bei dir am See verbringen durften<br \/>\nwar wundersch\u00f6n und wir haben es sehr genossen.<br \/>\nWir haben richtig Asado gelernt, dein &#8222;Hackepeter&#8220; war k\u00f6stlich,<br \/>\ndie Empanadas mit Lachs ein Gedicht &#8211; kurzum wir<br \/>\nhaben Urlaub vom Urlaub bei dir genommen.<\/p>\n<p>DANKE!<\/p>\n<div id=\"attachment_1021\" style=\"width: 1034px\" class=\"wp-caption aligncenter\"><a href=\"https:\/\/i0.wp.com\/my-alps.de\/wp-content\/uploads\/2014\/04\/Die-Kuh-Elsa.jpg\"><img aria-describedby=\"caption-attachment-1021\" data-attachment-id=\"1021\" data-permalink=\"http:\/\/my-alps.de\/?attachment_id=1021\" data-orig-file=\"https:\/\/i0.wp.com\/my-alps.de\/wp-content\/uploads\/2014\/04\/Die-Kuh-Elsa.jpg?fit=1024%2C1024\" data-orig-size=\"1024,1024\" data-comments-opened=\"1\" data-image-meta=\"{&quot;aperture&quot;:&quot;5.6&quot;,&quot;credit&quot;:&quot;&quot;,&quot;camera&quot;:&quot;SLT-A99V&quot;,&quot;caption&quot;:&quot;&quot;,&quot;created_timestamp&quot;:&quot;1397328775&quot;,&quot;copyright&quot;:&quot;&quot;,&quot;focal_length&quot;:&quot;50&quot;,&quot;iso&quot;:&quot;100&quot;,&quot;shutter_speed&quot;:&quot;0.008&quot;,&quot;title&quot;:&quot;&quot;}\" data-image-title=\"Die Kuh Elsa\" data-image-description=\"&lt;p&gt;Die Kuh Elsa&lt;\/p&gt;\n\" data-image-caption=\"&lt;p&gt;Die Kuh Elsa&lt;\/p&gt;\n\" data-medium-file=\"https:\/\/i0.wp.com\/my-alps.de\/wp-content\/uploads\/2014\/04\/Die-Kuh-Elsa.jpg?fit=300%2C300\" data-large-file=\"https:\/\/i0.wp.com\/my-alps.de\/wp-content\/uploads\/2014\/04\/Die-Kuh-Elsa.jpg?fit=625%2C625\" loading=\"lazy\" class=\"size-full wp-image-1021\" alt=\"Die Kuh Elsa\" src=\"https:\/\/i0.wp.com\/my-alps.de\/wp-content\/uploads\/2014\/04\/Die-Kuh-Elsa.jpg?resize=625%2C625\" width=\"625\" height=\"625\" srcset=\"https:\/\/i0.wp.com\/my-alps.de\/wp-content\/uploads\/2014\/04\/Die-Kuh-Elsa.jpg?w=1024 1024w, https:\/\/i0.wp.com\/my-alps.de\/wp-content\/uploads\/2014\/04\/Die-Kuh-Elsa.jpg?resize=290%2C290 290w, https:\/\/i0.wp.com\/my-alps.de\/wp-content\/uploads\/2014\/04\/Die-Kuh-Elsa.jpg?resize=300%2C300 300w\" sizes=\"(max-width: 625px) 100vw, 625px\" data-recalc-dims=\"1\" \/><\/a><p id=\"caption-attachment-1021\" class=\"wp-caption-text\">Die Kuh Elsa<\/p><\/div>\n<p>Ich habe mal kurz deine &#8222;Viecher&#8220; interviewt &#8211; sie haben mir gesagt das du zu ihnen genauso lieb und nett bist wie zu deinen G\u00e4sten.<br \/>\nDas sieht man.<\/p>\n<div id=\"attachment_1019\" style=\"width: 1034px\" class=\"wp-caption aligncenter\"><a href=\"https:\/\/i0.wp.com\/my-alps.de\/wp-content\/uploads\/2014\/04\/Kuhlimuh-sagen-Servus-und-Danke.jpg\"><img aria-describedby=\"caption-attachment-1019\" data-attachment-id=\"1019\" data-permalink=\"http:\/\/my-alps.de\/?attachment_id=1019\" data-orig-file=\"https:\/\/i0.wp.com\/my-alps.de\/wp-content\/uploads\/2014\/04\/Kuhlimuh-sagen-Servus-und-Danke.jpg?fit=1024%2C309\" data-orig-size=\"1024,309\" data-comments-opened=\"1\" data-image-meta=\"{&quot;aperture&quot;:&quot;5.6&quot;,&quot;credit&quot;:&quot;&quot;,&quot;camera&quot;:&quot;SLT-A99V&quot;,&quot;caption&quot;:&quot;&quot;,&quot;created_timestamp&quot;:&quot;1397328714&quot;,&quot;copyright&quot;:&quot;&quot;,&quot;focal_length&quot;:&quot;60&quot;,&quot;iso&quot;:&quot;100&quot;,&quot;shutter_speed&quot;:&quot;0.008&quot;,&quot;title&quot;:&quot;&quot;}\" data-image-title=\"Kuhlimuh sagen Servus und Danke\" data-image-description=\"&lt;p&gt;Kuhlimuh sagen Servus und Danke&lt;\/p&gt;\n\" data-image-caption=\"&lt;p&gt;Kuhlimuh sagen Servus und Danke&lt;\/p&gt;\n\" data-medium-file=\"https:\/\/i0.wp.com\/my-alps.de\/wp-content\/uploads\/2014\/04\/Kuhlimuh-sagen-Servus-und-Danke.jpg?fit=300%2C90\" data-large-file=\"https:\/\/i0.wp.com\/my-alps.de\/wp-content\/uploads\/2014\/04\/Kuhlimuh-sagen-Servus-und-Danke.jpg?fit=625%2C189\" loading=\"lazy\" class=\"size-full wp-image-1019\" alt=\"Kuhlimuh sagen Servus und Danke\" src=\"https:\/\/i0.wp.com\/my-alps.de\/wp-content\/uploads\/2014\/04\/Kuhlimuh-sagen-Servus-und-Danke.jpg?resize=625%2C189\" width=\"625\" height=\"189\" srcset=\"https:\/\/i0.wp.com\/my-alps.de\/wp-content\/uploads\/2014\/04\/Kuhlimuh-sagen-Servus-und-Danke.jpg?w=1024 1024w, https:\/\/i0.wp.com\/my-alps.de\/wp-content\/uploads\/2014\/04\/Kuhlimuh-sagen-Servus-und-Danke.jpg?resize=300%2C90 300w\" sizes=\"(max-width: 625px) 100vw, 625px\" data-recalc-dims=\"1\" \/><\/a><p id=\"caption-attachment-1019\" class=\"wp-caption-text\">Kuhlimuh sagen Servus und Danke<\/p><\/div>\n<p>Annette und Claus sagen DANKE<\/p>\n<p>Wenn wir unsere Ersatzteile bei Mario einbauen lassen werden<br \/>\nwir uns noch einmal kurz bei dir melden.<\/p>\n<div id=\"attachment_1020\" style=\"width: 1034px\" class=\"wp-caption aligncenter\"><a href=\"https:\/\/i0.wp.com\/my-alps.de\/wp-content\/uploads\/2014\/04\/Kuhlimuh-1-6x6-sw.jpg\"><img aria-describedby=\"caption-attachment-1020\" data-attachment-id=\"1020\" data-permalink=\"http:\/\/my-alps.de\/?attachment_id=1020\" data-orig-file=\"https:\/\/i0.wp.com\/my-alps.de\/wp-content\/uploads\/2014\/04\/Kuhlimuh-1-6x6-sw.jpg?fit=1024%2C1024\" data-orig-size=\"1024,1024\" data-comments-opened=\"1\" data-image-meta=\"{&quot;aperture&quot;:&quot;4&quot;,&quot;credit&quot;:&quot;&quot;,&quot;camera&quot;:&quot;SLT-A99V&quot;,&quot;caption&quot;:&quot;&quot;,&quot;created_timestamp&quot;:&quot;1397329055&quot;,&quot;copyright&quot;:&quot;&quot;,&quot;focal_length&quot;:&quot;70&quot;,&quot;iso&quot;:&quot;400&quot;,&quot;shutter_speed&quot;:&quot;0.005&quot;,&quot;title&quot;:&quot;&quot;}\" data-image-title=\"Kuhlimuh &#8211; 1 &#8211; 6&#215;6 &#8211; sw\" data-image-description=\"&lt;p&gt;Kuhlimuh &#8211; 1&lt;\/p&gt;\n\" data-image-caption=\"&lt;p&gt;Kuhlimuh &#8211; 1&lt;\/p&gt;\n\" data-medium-file=\"https:\/\/i0.wp.com\/my-alps.de\/wp-content\/uploads\/2014\/04\/Kuhlimuh-1-6x6-sw.jpg?fit=300%2C300\" data-large-file=\"https:\/\/i0.wp.com\/my-alps.de\/wp-content\/uploads\/2014\/04\/Kuhlimuh-1-6x6-sw.jpg?fit=625%2C625\" loading=\"lazy\" class=\"size-full wp-image-1020\" alt=\"Kuhlimuh - 1\" src=\"https:\/\/i0.wp.com\/my-alps.de\/wp-content\/uploads\/2014\/04\/Kuhlimuh-1-6x6-sw.jpg?resize=625%2C625\" width=\"625\" height=\"625\" srcset=\"https:\/\/i0.wp.com\/my-alps.de\/wp-content\/uploads\/2014\/04\/Kuhlimuh-1-6x6-sw.jpg?w=1024 1024w, https:\/\/i0.wp.com\/my-alps.de\/wp-content\/uploads\/2014\/04\/Kuhlimuh-1-6x6-sw.jpg?resize=290%2C290 290w, https:\/\/i0.wp.com\/my-alps.de\/wp-content\/uploads\/2014\/04\/Kuhlimuh-1-6x6-sw.jpg?resize=300%2C300 300w\" sizes=\"(max-width: 625px) 100vw, 625px\" data-recalc-dims=\"1\" \/><\/a><p id=\"caption-attachment-1020\" class=\"wp-caption-text\">Kuhlimuh &#8211; 1<\/p><\/div>\n<p>&nbsp;<\/p>\n","protected":false},"excerpt":{"rendered":"<p>f\u00fcr deine herzliche Gastfreundschaft, die Zeit die wir bei dir am See verbringen durften war wundersch\u00f6n und wir haben es sehr genossen. Wir haben richtig Asado gelernt, dein &#8222;Hackepeter&#8220; war k\u00f6stlich, die Empanadas mit Lachs ein Gedicht &#8211; kurzum wir haben Urlaub vom Urlaub bei dir genommen. DANKE! Ich habe mal kurz deine &#8222;Viecher&#8220; interviewt [&hellip;]<\/p>\n","protected":false},"author":1,"featured_media":0,"comment_status":"open","ping_status":"open","sticky":false,"template":"","format":"gallery","meta":{"spay_email":"","jetpack_publicize_message":"","jetpack_is_tweetstorm":false,"jetpack_publicize_feature_enabled":true},"categories":[1],"tags":[],"jetpack_featured_media_url":"","jetpack_publicize_connections":[],"jetpack_sharing_enabled":true,"jetpack_shortlink":"https:\/\/wp.me\/p6huce-gq","jetpack-related-posts":[{"id":1732,"url":"http:\/\/my-alps.de\/?p=1732","url_meta":{"origin":1018,"position":0},"title":"auf die letzte Rille!","date":"16. Oktober 2014","format":"gallery","excerpt":"Langsam aber unaufhaltsam n\u00e4hert sich unsere Reise durch S\u00fcdamerika, immer an den Anden entlang, dem Ende. Nordw\u00e4rts, und es wir immer heisser und schw\u00fcler. Unwetter und sinflutartige Regenf\u00e4lle jeden Nachmittag verk\u00fcnden den Beginn der Regenzeit. Auf den befestigten Stra\u00dfen in Kolumbien w\u00fcnschen wir uns oft die chilenischen Schotterpisten zur\u00fcck. Es\u2026","rel":"","context":"In &quot;News&quot;","img":{"alt_text":"","src":"https:\/\/i0.wp.com\/my-alps.de\/wp-content\/uploads\/2014\/10\/Karibik-ce4-HD.jpg?resize=350%2C200","width":350,"height":200},"classes":[]},{"id":431,"url":"http:\/\/my-alps.de\/?p=431","url_meta":{"origin":1018,"position":1},"title":"Hamburg ist eine Reise wert&#8230;.","date":"9. November 2013","format":"gallery","excerpt":"Heute haben wir eine ausgedehnte Stadtbesichtigung gemacht - so richtig Touri m\u00e4\u00dfig wie bei uns in Bamberg. Sind sch\u00f6n mit dem Bus durch die Stadt geschaukelt worden und drau\u00dfen hat es gest\u00fcrmt und der Regen kam waagrecht an die Fenster geflogen. Aber wie das so ist im Norden - Nachmittags\u2026","rel":"","context":"In &quot;News&quot;","img":{"alt_text":"","src":"","width":0,"height":0},"classes":[]},{"id":1549,"url":"http:\/\/my-alps.de\/?p=1549","url_meta":{"origin":1018,"position":2},"title":"Die Nationalparks Paracas und Lachay","date":"29. August 2014","format":"gallery","excerpt":"Auf unserem Weg von Nazca nach Lima haben wir in dem Naturpark \u201eParacas\u201c einen kleinen Zwischenstopp eingelegt. Wir kamen ziemlich sp\u00e4t an, und die untergehende Sonne hat mit den unz\u00e4hligen Sand-und Salzpartikeln in der Luft eine wundersch\u00f6ne F\u00e4rbung erhalten (es war ziemlich windig). In dem NP kann man das direkte\u2026","rel":"","context":"In &quot;News&quot;","img":{"alt_text":"Sonnenuntergang in der W\u00c3\u00bcste","src":"https:\/\/i0.wp.com\/my-alps.de\/wp-content\/uploads\/2014\/08\/Sonnenuntergang-in-der-W\u00c3\u00bcste-ce4-dfine-HD.jpg?resize=350%2C200","width":350,"height":200},"classes":[]},{"id":448,"url":"http:\/\/my-alps.de\/?p=448","url_meta":{"origin":1018,"position":3},"title":"Das sagt SIE und das meint er (2von2)","date":"15. Dezember 2013","format":false,"excerpt":"Hallo zu Hause, Wir haben WiFi und schwitzen. Die Emails sind gecheckt und wie erwartet gehts zu Hause munter weiter - die Vorweihnachtszeit steht an. Davon ist hier nicht viel zu merken, nicht einmal die wahnsinnigen Einkaufsorgien gibts hier, das ist sehr entspannend:-) Traurig ist nat\u00fcrlich die (nicht vorhandene) Leistung\u2026","rel":"","context":"In &quot;News&quot;","img":{"alt_text":"","src":"","width":0,"height":0},"classes":[]},{"id":1773,"url":"http:\/\/my-alps.de\/?p=1773","url_meta":{"origin":1018,"position":4},"title":"FAQ &#8211; und die Antworten","date":"22. November 2014","format":"gallery","excerpt":"Wir tingeln in den letzten beiden Wochen von einer Einladung zur anderen. Jeder m\u00f6chte uns sehen und fragen was wir so erlebt haben. Da nat\u00fcrlich (fast) jeder die gleichen Fragen stellt schauen uns wir manchmal selber fragend an..... ja wie war das denn? Deshalb m\u00f6chte ich die FAQ mal kurz\u2026","rel":"","context":"In &quot;News&quot;","img":{"alt_text":"","src":"https:\/\/i0.wp.com\/my-alps.de\/wp-content\/uploads\/2014\/11\/mein-Lama-und-meine-Stadt.jpg?resize=350%2C200","width":350,"height":200},"classes":[]},{"id":1765,"url":"http:\/\/my-alps.de\/?p=1765","url_meta":{"origin":1018,"position":5},"title":"Auf geht&#8217;s &#8211; nach Hause","date":"10. November 2014","format":"gallery","excerpt":"Servus, alle die uns bis hierhin auf unserer Reise durch S\u00fcdamerika gefolgt sind und uns begleitet haben. Wir kommen wieder nach Hause - und freuen uns auf Bamberg. Vorher haben wir noch unser WOMO im Hafen von Cartagena f\u00fcr die Verschiffung fertiggemacht. Bei knapp 40 Grad war die Drogenkontrolle sehr\u2026","rel":"","context":"In &quot;News&quot;","img":{"alt_text":"","src":"https:\/\/i0.wp.com\/my-alps.de\/wp-content\/uploads\/2014\/11\/zu-und-ab-nach-Hause-ce4.jpg?resize=350%2C200","width":350,"height":200},"classes":[]}],"_links":{"self":[{"href":"http:\/\/my-alps.de\/index.php?rest_route=\/wp\/v2\/posts\/1018"}],"collection":[{"href":"http:\/\/my-alps.de\/index.php?rest_route=\/wp\/v2\/posts"}],"about":[{"href":"http:\/\/my-alps.de\/index.php?rest_route=\/wp\/v2\/types\/post"}],"author":[{"embeddable":true,"href":"http:\/\/my-alps.de\/index.php?rest_route=\/wp\/v2\/users\/1"}],"replies":[{"embeddable":true,"href":"http:\/\/my-alps.de\/index.php?rest_route=%2Fwp%2Fv2%2Fcomments&post=1018"}],"version-history":[{"count":4,"href":"http:\/\/my-alps.de\/index.php?rest_route=\/wp\/v2\/posts\/1018\/revisions"}],"predecessor-version":[{"id":1025,"href":"http:\/\/my-alps.de\/index.php?rest_route=\/wp\/v2\/posts\/1018\/revisions\/1025"}],"wp:attachment":[{"href":"http:\/\/my-alps.de\/index.php?rest_route=%2Fwp%2Fv2%2Fmedia&parent=1018"}],"wp:term":[{"taxonomy":"category","embeddable":true,"href":"http:\/\/my-alps.de\/index.php?rest_route=%2Fwp%2Fv2%2Fcategories&post=1018"},{"taxonomy":"post_tag","embeddable":true,"href":"http:\/\/my-alps.de\/index.php?rest_route=%2Fwp%2Fv2%2Ftags&post=1018"}],"curies":[{"name":"wp","href":"https:\/\/api.w.org\/{rel}","templated":true}]}}