{"id":1013,"date":"2014-04-14T19:37:53","date_gmt":"2014-04-14T17:37:53","guid":{"rendered":"http:\/\/my-alps.de\/?p=1013"},"modified":"2014-04-14T19:37:53","modified_gmt":"2014-04-14T17:37:53","slug":"die-hackerin","status":"publish","type":"post","link":"http:\/\/my-alps.de\/?p=1013","title":{"rendered":"Die Hack(erin)"},"content":{"rendered":"<p>Als Reisender ist man ja auf WIFI, (DAS Zauberwort), angewiesen um mit der Heimat zu kommunizieren, die Internetseite zu aktualisieren und sich etwas zu organisieren.<br \/>\nJetzt ist es so, das viele Cafe\u2019s mit DEM Zauberwort locken und man praktischerweise dazu etwas konsumiert w\u00e4hrend man<br \/>\nrecherchiert.<\/p>\n<div id=\"attachment_1016\" style=\"width: 655px\" class=\"wp-caption aligncenter\"><a href=\"https:\/\/i0.wp.com\/my-alps.de\/wp-content\/uploads\/2014\/04\/Internetcafe-mit-WIFI-Kuchen.jpg\"><img aria-describedby=\"caption-attachment-1016\" data-attachment-id=\"1016\" data-permalink=\"http:\/\/my-alps.de\/?attachment_id=1016\" data-orig-file=\"https:\/\/i0.wp.com\/my-alps.de\/wp-content\/uploads\/2014\/04\/Internetcafe-mit-WIFI-Kuchen.jpg?fit=645%2C860\" data-orig-size=\"645,860\" data-comments-opened=\"1\" data-image-meta=\"{&quot;aperture&quot;:&quot;0&quot;,&quot;credit&quot;:&quot;&quot;,&quot;camera&quot;:&quot;&quot;,&quot;caption&quot;:&quot;&quot;,&quot;created_timestamp&quot;:&quot;0&quot;,&quot;copyright&quot;:&quot;&quot;,&quot;focal_length&quot;:&quot;0&quot;,&quot;iso&quot;:&quot;0&quot;,&quot;shutter_speed&quot;:&quot;0&quot;,&quot;title&quot;:&quot;&quot;}\" data-image-title=\"Internetcafe&#8216; mit WIFI-Kuchen\" data-image-description=\"&lt;p&gt;Internetcafe&#8216; mit WIFI-Kuchen&lt;\/p&gt;\n\" data-image-caption=\"&lt;p&gt;Internetcafe&#8216; mit WIFI-Kuchen&lt;\/p&gt;\n\" data-medium-file=\"https:\/\/i0.wp.com\/my-alps.de\/wp-content\/uploads\/2014\/04\/Internetcafe-mit-WIFI-Kuchen.jpg?fit=225%2C300\" data-large-file=\"https:\/\/i0.wp.com\/my-alps.de\/wp-content\/uploads\/2014\/04\/Internetcafe-mit-WIFI-Kuchen.jpg?fit=625%2C833\" loading=\"lazy\" class=\"size-full wp-image-1016\" alt=\"Internetcafe' mit WIFI-Kuchen\" src=\"https:\/\/i0.wp.com\/my-alps.de\/wp-content\/uploads\/2014\/04\/Internetcafe-mit-WIFI-Kuchen.jpg?resize=625%2C833\" width=\"625\" height=\"833\" srcset=\"https:\/\/i0.wp.com\/my-alps.de\/wp-content\/uploads\/2014\/04\/Internetcafe-mit-WIFI-Kuchen.jpg?w=645 645w, https:\/\/i0.wp.com\/my-alps.de\/wp-content\/uploads\/2014\/04\/Internetcafe-mit-WIFI-Kuchen.jpg?resize=225%2C300 225w\" sizes=\"(max-width: 625px) 100vw, 625px\" data-recalc-dims=\"1\" \/><\/a><p id=\"caption-attachment-1016\" class=\"wp-caption-text\">Internetcafe&#8216; mit WIFI-Kuchen<\/p><\/div>\n<p>Es gibt nicht viele offene Netze \u00fcber die man sich einloggen kann. Deshalb sitzt der, (oder die) Beifahrer(in) oft mit dem Ipad auf den Knien im WOMO und sucht nach WIFI-Netzen.<br \/>\nFunktioniert auch manchmal ganz gut, doch die Mehrzahl der Netze verlangen nat\u00fcrlich nach einem Passwort. Und so hat sich die Hack(erin) einen Spa\u00df daraus gemacht sich wahllos Passw\u00f6rter auszudenken und einzu(Hack)en.<br \/>\nDer Fahrer grinst sich dazu eins und hat gewettet:<br \/>\n\u201eWenn du ein Netz mit deinen erfundenen Passw\u00f6rtern knacken kannst,<br \/>\ndann spendiere ich dir eine Flasche Champus\u201c<\/p>\n<p>Tja &#8211; nun war es soweit.<br \/>\nWir standen vor einem Minimarkt und haben ein WIFI Netz mit einem Passwort gefunden.<br \/>\nDie Hack(erin) tippt wieder mal wild drauflos &#8211; und \u201eploing\u201c &#8211; eingeloggt und losgesurft.<\/p>\n<div id=\"attachment_1015\" style=\"width: 1034px\" class=\"wp-caption aligncenter\"><a href=\"https:\/\/i0.wp.com\/my-alps.de\/wp-content\/uploads\/2014\/04\/WIFI-Knoten-6x6-ce4.jpg\"><img aria-describedby=\"caption-attachment-1015\" data-attachment-id=\"1015\" data-permalink=\"http:\/\/my-alps.de\/?attachment_id=1015\" data-orig-file=\"https:\/\/i0.wp.com\/my-alps.de\/wp-content\/uploads\/2014\/04\/WIFI-Knoten-6x6-ce4.jpg?fit=1024%2C1024\" data-orig-size=\"1024,1024\" data-comments-opened=\"1\" data-image-meta=\"{&quot;aperture&quot;:&quot;11&quot;,&quot;credit&quot;:&quot;&quot;,&quot;camera&quot;:&quot;SLT-A99V&quot;,&quot;caption&quot;:&quot;&quot;,&quot;created_timestamp&quot;:&quot;1395240379&quot;,&quot;copyright&quot;:&quot;&quot;,&quot;focal_length&quot;:&quot;50&quot;,&quot;iso&quot;:&quot;100&quot;,&quot;shutter_speed&quot;:&quot;0.004&quot;,&quot;title&quot;:&quot;&quot;}\" data-image-title=\"WIFI &#8211; Knoten &#8211; 6&#215;6 &#8211; ce4\" data-image-description=\"&lt;p&gt;WIFI &#8211; Knoten&lt;\/p&gt;\n\" data-image-caption=\"&lt;p&gt;WIFI &#8211; Knoten&lt;\/p&gt;\n\" data-medium-file=\"https:\/\/i0.wp.com\/my-alps.de\/wp-content\/uploads\/2014\/04\/WIFI-Knoten-6x6-ce4.jpg?fit=300%2C300\" data-large-file=\"https:\/\/i0.wp.com\/my-alps.de\/wp-content\/uploads\/2014\/04\/WIFI-Knoten-6x6-ce4.jpg?fit=625%2C625\" loading=\"lazy\" class=\"size-full wp-image-1015\" alt=\"WIFI - Knoten\" src=\"https:\/\/i0.wp.com\/my-alps.de\/wp-content\/uploads\/2014\/04\/WIFI-Knoten-6x6-ce4.jpg?resize=625%2C625\" width=\"625\" height=\"625\" srcset=\"https:\/\/i0.wp.com\/my-alps.de\/wp-content\/uploads\/2014\/04\/WIFI-Knoten-6x6-ce4.jpg?w=1024 1024w, https:\/\/i0.wp.com\/my-alps.de\/wp-content\/uploads\/2014\/04\/WIFI-Knoten-6x6-ce4.jpg?resize=290%2C290 290w, https:\/\/i0.wp.com\/my-alps.de\/wp-content\/uploads\/2014\/04\/WIFI-Knoten-6x6-ce4.jpg?resize=300%2C300 300w\" sizes=\"(max-width: 625px) 100vw, 625px\" data-recalc-dims=\"1\" \/><\/a><p id=\"caption-attachment-1015\" class=\"wp-caption-text\">WIFI &#8211; Knoten<\/p><\/div>\n<p>Ich durfte DAS Passwort dann auch benutzen.<br \/>\nMein Taschengeld f\u00fcr den Monat ist jetzt weg.<\/p>\n","protected":false},"excerpt":{"rendered":"<p>Als Reisender ist man ja auf WIFI, (DAS Zauberwort), angewiesen um mit der Heimat zu kommunizieren, die Internetseite zu aktualisieren und sich etwas zu organisieren. Jetzt ist es so, das viele Cafe\u2019s mit DEM Zauberwort locken und man praktischerweise dazu etwas konsumiert w\u00e4hrend man recherchiert. Es gibt nicht viele offene Netze \u00fcber die man sich [&hellip;]<\/p>\n","protected":false},"author":1,"featured_media":0,"comment_status":"open","ping_status":"open","sticky":false,"template":"","format":"gallery","meta":{"spay_email":"","jetpack_publicize_message":"","jetpack_is_tweetstorm":false,"jetpack_publicize_feature_enabled":true},"categories":[1],"tags":[],"jetpack_featured_media_url":"","jetpack_publicize_connections":[],"jetpack_sharing_enabled":true,"jetpack_shortlink":"https:\/\/wp.me\/p6huce-gl","jetpack-related-posts":[{"id":851,"url":"http:\/\/my-alps.de\/?p=851","url_meta":{"origin":1013,"position":0},"title":"von Chaiten ans Ende der Carretera Austral","date":"19. M\u00e4rz 2014","format":"gallery","excerpt":"Wir sind jetzt fast 4 Wochen lang auf der Ruta 7, der Carretera Austral, aus dem S\u00fcden Chiles Richtung Norden gefahren. Der Eine oder Andere Abstecher hat der einsamen Stra\u00dfe noch etwas mehr Reiz beschert, als sie selbst schon besitzt. Doch jetzt ist es an der Zeit die Zivilisation mal\u2026","rel":"","context":"In &quot;News&quot;","img":{"alt_text":"","src":"https:\/\/i0.wp.com\/my-alps.de\/wp-content\/uploads\/2014\/03\/El-Cap-light-sw.jpg?resize=350%2C200","width":350,"height":200},"classes":[]},{"id":1149,"url":"http:\/\/my-alps.de\/?p=1149","url_meta":{"origin":1013,"position":1},"title":"Schlaf &#8211; St\u00f6rung","date":"19. Mai 2014","format":"gallery","excerpt":"Wenn man so auf Reisen ist, dann stellt sich jeden Tag, \u2028an dem man unterwegs ist, das gleiche Problem: Einen ruhigen und sicheren \u00dcbernachtungsplatz zu finden. Nun haben wir im letzten halben Jahr schon viele Pl\u00e4tze gefunden an denen wir \u00fcbernachtet haben. Mal mehr oder weniger ruhig,\u2028Angst hatten wir (fast)\u2026","rel":"","context":"In &quot;News&quot;","img":{"alt_text":"","src":"","width":0,"height":0},"classes":[]},{"id":450,"url":"http:\/\/my-alps.de\/?p=450","url_meta":{"origin":1013,"position":2},"title":"Das sagt sie und das meint ER (1von2)","date":"15. Dezember 2013","format":"gallery","excerpt":"Hallo, ihr ZUHAUSEgebliebenen, wir sind heute in Colonia di Sacramento angekommen und sin somit in Uruguay. Dem esten Fussballweltmeister, und wenn's nach den URU'S geht, auch dem kommenden in Brasilien. Die Bilder zu diesem Blog f\u00fcge ich sp\u00e4ter mal ein, das WIFI hier in Uruguay ist nicht so von der\u2026","rel":"","context":"In &quot;News&quot;","img":{"alt_text":"","src":"","width":0,"height":0},"classes":[]},{"id":1390,"url":"http:\/\/my-alps.de\/?p=1390","url_meta":{"origin":1013,"position":3},"title":"von Uyuni nach Cochabamba (Teil 1)","date":"24. Juli 2014","format":"gallery","excerpt":"Unsere Route durch Bolivien f\u00fchrt uns von Uyuni \u00fcber Potosi und Sucre weiter nach Cochabamba. Die Strecke f\u00fchrt durch\u2019s bolivianische Altiplano. Das Altiplano liegt eingebettet zwischen den westlichen und den \u00f6stlichen Kordilleren. Hier ist die \u201eBesiedlungsdichte\u201c am gr\u00f6ssten und mit Potosi und Sucre liegen zwei grosse St\u00e4dte auf unserem Weg.\u2026","rel":"","context":"In &quot;News&quot;","img":{"alt_text":"","src":"https:\/\/i0.wp.com\/my-alps.de\/wp-content\/uploads\/2014\/07\/hilft-bestimmt-ce4.jpg?resize=350%2C200","width":350,"height":200},"classes":[]},{"id":995,"url":"http:\/\/my-alps.de\/?p=995","url_meta":{"origin":1013,"position":4},"title":"April, April &#8211; Halbzeit bei der Auszeit","date":"10. April 2014","format":"gallery","excerpt":"Am 11.11.2013 sind wir in Hamburg an Bord der \u201eGrande Cameroon\u201c gegangen und \u00fcber den Atlantik nach S\u00fcdamerika geschippert. Zugegeben, es war nicht immer gerade Hochstimmung mit Karneval und Fasching an Bord, aber es ist uns wirklich nicht langweilig geworden. So eine Frachterreise hat auch etwas besonderes. (Beinahe meditativ!) Nun\u2026","rel":"","context":"In &quot;News&quot;","img":{"alt_text":"","src":"","width":0,"height":0},"classes":[]},{"id":1472,"url":"http:\/\/my-alps.de\/?p=1472","url_meta":{"origin":1013,"position":5},"title":"vom Sajama, dem h\u00f6chsten Berg Boliviens nach Peru","date":"8. August 2014","format":"gallery","excerpt":"Da wir vom Titikakasee etwas entt\u00e4uscht waren, haben wir uns kurzerhand entschlossen doch noch einen Abstecher zum \"Sajama\" zu fahren. Er liegt zwar auf dem Weg Richtung Chile, aber\u00a0das haben wir dann mit dem Grenz\u00fcbergang in Arica\u00a0verkn\u00fcpft. auf dem AltiplanoDer \"Sajama\" ist ein wundersch\u00f6ner Vulkankegel, der sich wie eine Zipfelm\u00fctze\u2026","rel":"","context":"In &quot;News&quot;","img":{"alt_text":"","src":"https:\/\/i0.wp.com\/my-alps.de\/wp-content\/uploads\/2014\/08\/Vulkanausbruch-1-ce4.jpg?resize=350%2C200","width":350,"height":200},"classes":[]}],"_links":{"self":[{"href":"http:\/\/my-alps.de\/index.php?rest_route=\/wp\/v2\/posts\/1013"}],"collection":[{"href":"http:\/\/my-alps.de\/index.php?rest_route=\/wp\/v2\/posts"}],"about":[{"href":"http:\/\/my-alps.de\/index.php?rest_route=\/wp\/v2\/types\/post"}],"author":[{"embeddable":true,"href":"http:\/\/my-alps.de\/index.php?rest_route=\/wp\/v2\/users\/1"}],"replies":[{"embeddable":true,"href":"http:\/\/my-alps.de\/index.php?rest_route=%2Fwp%2Fv2%2Fcomments&post=1013"}],"version-history":[{"count":2,"href":"http:\/\/my-alps.de\/index.php?rest_route=\/wp\/v2\/posts\/1013\/revisions"}],"predecessor-version":[{"id":1017,"href":"http:\/\/my-alps.de\/index.php?rest_route=\/wp\/v2\/posts\/1013\/revisions\/1017"}],"wp:attachment":[{"href":"http:\/\/my-alps.de\/index.php?rest_route=%2Fwp%2Fv2%2Fmedia&parent=1013"}],"wp:term":[{"taxonomy":"category","embeddable":true,"href":"http:\/\/my-alps.de\/index.php?rest_route=%2Fwp%2Fv2%2Fcategories&post=1013"},{"taxonomy":"post_tag","embeddable":true,"href":"http:\/\/my-alps.de\/index.php?rest_route=%2Fwp%2Fv2%2Ftags&post=1013"}],"curies":[{"name":"wp","href":"https:\/\/api.w.org\/{rel}","templated":true}]}}