{"id":1,"date":"2013-01-26T17:29:54","date_gmt":"2013-01-26T17:29:54","guid":{"rendered":"http:\/\/my-alps.de\/?p=1"},"modified":"2013-01-27T08:16:08","modified_gmt":"2013-01-27T08:16:08","slug":"hello-world","status":"publish","type":"post","link":"http:\/\/my-alps.de\/?p=1","title":{"rendered":"Los geht&#8217;s"},"content":{"rendered":"<p><strong>So<\/strong>&#8211; dann wollen wir mal damit anfangen!<\/p>\n<div id=\"attachment_10\" style=\"width: 310px\" class=\"wp-caption alignnone\"><a href=\"https:\/\/i0.wp.com\/my-alps.de\/wp-content\/uploads\/2013\/01\/Alpaka-sw1.jpg\"><img aria-describedby=\"caption-attachment-10\" data-attachment-id=\"10\" data-permalink=\"http:\/\/my-alps.de\/?attachment_id=10\" data-orig-file=\"https:\/\/i0.wp.com\/my-alps.de\/wp-content\/uploads\/2013\/01\/Alpaka-sw1.jpg?fit=666%2C429\" data-orig-size=\"666,429\" data-comments-opened=\"1\" data-image-meta=\"{&quot;aperture&quot;:&quot;0&quot;,&quot;credit&quot;:&quot;&quot;,&quot;camera&quot;:&quot;&quot;,&quot;caption&quot;:&quot;&quot;,&quot;created_timestamp&quot;:&quot;1356790727&quot;,&quot;copyright&quot;:&quot;&quot;,&quot;focal_length&quot;:&quot;10&quot;,&quot;iso&quot;:&quot;100&quot;,&quot;shutter_speed&quot;:&quot;2.475877491312&quot;,&quot;title&quot;:&quot;&quot;}\" data-image-title=\"Hallooooo&#8230;.?\" data-image-description=\"\" data-image-caption=\"&lt;p&gt;Wir \u00fcben dann mal mit der (bald) heimischen Tierwelt zurechtzukommen&#8230;..&lt;\/p&gt;\n\" data-medium-file=\"https:\/\/i0.wp.com\/my-alps.de\/wp-content\/uploads\/2013\/01\/Alpaka-sw1.jpg?fit=300%2C193\" data-large-file=\"https:\/\/i0.wp.com\/my-alps.de\/wp-content\/uploads\/2013\/01\/Alpaka-sw1.jpg?fit=625%2C403\" loading=\"lazy\" class=\"size-medium wp-image-10\" title=\"Hallooooo....?\" src=\"https:\/\/i0.wp.com\/my-alps.de\/wp-content\/uploads\/2013\/01\/Alpaka-sw1.jpg?resize=300%2C193\" alt=\"\" width=\"300\" height=\"193\" srcset=\"https:\/\/i0.wp.com\/my-alps.de\/wp-content\/uploads\/2013\/01\/Alpaka-sw1.jpg?resize=300%2C193 300w, https:\/\/i0.wp.com\/my-alps.de\/wp-content\/uploads\/2013\/01\/Alpaka-sw1.jpg?w=666 666w\" sizes=\"(max-width: 300px) 100vw, 300px\" data-recalc-dims=\"1\" \/><\/a><p id=\"caption-attachment-10\" class=\"wp-caption-text\">Wir \u00fcben dann mal mit der (bald) heimischen Tierwelt zurechtzukommen&#8230;..<\/p><\/div>\n","protected":false},"excerpt":{"rendered":"<p>So&#8211; dann wollen wir mal damit anfangen!<\/p>\n","protected":false},"author":1,"featured_media":0,"comment_status":"open","ping_status":"open","sticky":false,"template":"","format":"standard","meta":{"spay_email":"","jetpack_publicize_message":"","jetpack_is_tweetstorm":false,"jetpack_publicize_feature_enabled":true},"categories":[1],"tags":[],"jetpack_featured_media_url":"","jetpack_publicize_connections":[],"jetpack_sharing_enabled":true,"jetpack_shortlink":"https:\/\/wp.me\/p6huce-1","jetpack-related-posts":[{"id":383,"url":"http:\/\/my-alps.de\/?p=383","url_meta":{"origin":1,"position":0},"title":"Bald geht&#8217;s los","date":"21. Juli 2013","format":"gallery","excerpt":"Nur noch 3 Monate - dann geht unser Schiff. Ich habe da schon mal ein wenig vorgesorgt - falls wir mal nicht mehr wissen wo wir sind - einfach auf die Seite des WOMO's blicken und grob die Himmelsrichtung absch\u00e4tzen. \u00a0 Da kann ja nichts mehr schiefgehen. ct","rel":"","context":"In &quot;News&quot;","img":{"alt_text":"","src":"https:\/\/i0.wp.com\/my-alps.de\/wp-content\/uploads\/2013\/07\/Pan-Americana-II.jpg?resize=350%2C200","width":350,"height":200},"classes":[]},{"id":1149,"url":"http:\/\/my-alps.de\/?p=1149","url_meta":{"origin":1,"position":1},"title":"Schlaf &#8211; St\u00f6rung","date":"19. Mai 2014","format":"gallery","excerpt":"Wenn man so auf Reisen ist, dann stellt sich jeden Tag, \u2028an dem man unterwegs ist, das gleiche Problem: Einen ruhigen und sicheren \u00dcbernachtungsplatz zu finden. Nun haben wir im letzten halben Jahr schon viele Pl\u00e4tze gefunden an denen wir \u00fcbernachtet haben. Mal mehr oder weniger ruhig,\u2028Angst hatten wir (fast)\u2026","rel":"","context":"In &quot;News&quot;","img":{"alt_text":"","src":"","width":0,"height":0},"classes":[]},{"id":148,"url":"http:\/\/my-alps.de\/?p=148","url_meta":{"origin":1,"position":2},"title":"Alpakas &#8211; 2.0","date":"4. M\u00e4rz 2013","format":false,"excerpt":"Wir haben am Wochenende mal unsere neuen Freunde besucht und mit ihnen ein wenig spanisch gesprochen. Allerdings hat sich das Interesse dann doch schnell auf Futter konzentriert.","rel":"","context":"In &quot;News&quot;","img":{"alt_text":"","src":"https:\/\/i0.wp.com\/my-alps.de\/wp-content\/uploads\/2013\/03\/Alpaka-black-and-white-300x300.jpg?resize=350%2C200","width":350,"height":200},"classes":[]},{"id":492,"url":"http:\/\/my-alps.de\/?p=492","url_meta":{"origin":1,"position":3},"title":"allen ein sch\u00f6nes Weihnachtsfest!","date":"25. Dezember 2013","format":"gallery","excerpt":"Wir trinken jetzt erst mal Kaffee auf unserer WOMO Terrasse und kaufen dann Grillzeug f\u00fcr Heilig Abend ein! Euch allen ein sch\u00f6nes Fest!","rel":"","context":"In &quot;News&quot;","img":{"alt_text":"","src":"https:\/\/i0.wp.com\/my-alps.de\/wp-content\/uploads\/2013\/12\/Weihnachtskaffee.jpg?resize=350%2C200","width":350,"height":200},"classes":[]},{"id":881,"url":"http:\/\/my-alps.de\/?p=881","url_meta":{"origin":1,"position":4},"title":"Puerto Montt","date":"26. M\u00e4rz 2014","format":"gallery","excerpt":"Nach 8.808 km (und wahrscheinlich ein paar mehr) die wir jetzt hier in S\u00fcdamerika unterwegs sind haben wir unserem WOMO auch mal etwas Gutes geg\u00f6nnt. Hier in Puerto Montt habe ich eine Werkstatt entdeckt die jegliche Art von Service f\u00fcr \u201egesch\u00fcttelte\u201c Autos anbietet. Wir haben uns f\u00fcr: \u00d6lwechsel und Luftfilterwechsel\u2026","rel":"","context":"In &quot;News&quot;","img":{"alt_text":"","src":"https:\/\/i0.wp.com\/my-alps.de\/wp-content\/uploads\/2014\/03\/Pisco-sour-6x6.jpg?resize=350%2C200","width":350,"height":200},"classes":[]},{"id":650,"url":"http:\/\/my-alps.de\/?p=650","url_meta":{"origin":1,"position":5},"title":"Halbwertszeit unseres Aussenspiegels auf der Fahrerseite","date":"6. Februar 2014","format":"gallery","excerpt":"Tja - und es hat mal wieder \"boom\" gemacht. Die Halbwertszeit unseres linken Aussenspiegels sinkt bedenklich gegen 1\/4 Jahr. Erst drei Tage vor der Abfahrt - und jetzt schon wieder. Da h\u00e4ngen die Reste traurig herum. Doch der Fahrer hat seine Telefonnummer unter den Scheibenwischer geklemmt. Als wir zur\u00fcckkommen denke\u2026","rel":"","context":"In &quot;Wohnmobil&quot;","img":{"alt_text":"","src":"https:\/\/i0.wp.com\/my-alps.de\/wp-content\/uploads\/2014\/02\/Projekt-neuer-Spiegel-1-300x225.jpg?resize=350%2C200","width":350,"height":200},"classes":[]}],"_links":{"self":[{"href":"http:\/\/my-alps.de\/index.php?rest_route=\/wp\/v2\/posts\/1"}],"collection":[{"href":"http:\/\/my-alps.de\/index.php?rest_route=\/wp\/v2\/posts"}],"about":[{"href":"http:\/\/my-alps.de\/index.php?rest_route=\/wp\/v2\/types\/post"}],"author":[{"embeddable":true,"href":"http:\/\/my-alps.de\/index.php?rest_route=\/wp\/v2\/users\/1"}],"replies":[{"embeddable":true,"href":"http:\/\/my-alps.de\/index.php?rest_route=%2Fwp%2Fv2%2Fcomments&post=1"}],"version-history":[{"count":4,"href":"http:\/\/my-alps.de\/index.php?rest_route=\/wp\/v2\/posts\/1\/revisions"}],"predecessor-version":[{"id":12,"href":"http:\/\/my-alps.de\/index.php?rest_route=\/wp\/v2\/posts\/1\/revisions\/12"}],"wp:attachment":[{"href":"http:\/\/my-alps.de\/index.php?rest_route=%2Fwp%2Fv2%2Fmedia&parent=1"}],"wp:term":[{"taxonomy":"category","embeddable":true,"href":"http:\/\/my-alps.de\/index.php?rest_route=%2Fwp%2Fv2%2Fcategories&post=1"},{"taxonomy":"post_tag","embeddable":true,"href":"http:\/\/my-alps.de\/index.php?rest_route=%2Fwp%2Fv2%2Ftags&post=1"}],"curies":[{"name":"wp","href":"https:\/\/api.w.org\/{rel}","templated":true}]}}